{"id":738,"date":"2026-03-12T18:11:46","date_gmt":"2026-03-12T17:11:46","guid":{"rendered":"https:\/\/ecolestjbosco.fr\/?p=738"},"modified":"2026-03-12T20:46:16","modified_gmt":"2026-03-12T19:46:16","slug":"seance-2-patinoire-gs-cp","status":"publish","type":"post","link":"https:\/\/ecolestjbosco.fr\/index.php\/2026\/03\/12\/seance-2-patinoire-gs-cp\/","title":{"rendered":"S\u00e9ance 2 Patinoire GS\/CP"},"content":{"rendered":"\n<p>Les GS\/CP se sont rendus \u00e0 la patinoire ce mardi 10 mars pour leur deuxi\u00e8me s\u00e9ance de glisse.<\/p>\n\n\n\n<figure class=\"wp-block-image size-full is-resized\"><img loading=\"lazy\" decoding=\"async\" width=\"345\" height=\"605\" src=\"https:\/\/ecolestjbosco.fr\/wp-content\/uploads\/2026\/03\/image-10.png\" alt=\"\" class=\"wp-image-739\" style=\"width:674px;height:auto\" srcset=\"https:\/\/ecolestjbosco.fr\/wp-content\/uploads\/2026\/03\/image-10.png 345w, https:\/\/ecolestjbosco.fr\/wp-content\/uploads\/2026\/03\/image-10-171x300.png 171w\" sizes=\"(max-width: 345px) 100vw, 345px\" \/><\/figure>\n\n\n\n<figure class=\"wp-block-image size-large\"><img loading=\"lazy\" decoding=\"async\" width=\"1024\" height=\"581\" src=\"https:\/\/ecolestjbosco.fr\/wp-content\/uploads\/2026\/03\/image-11-1024x581.png\" alt=\"\" class=\"wp-image-740\" srcset=\"https:\/\/ecolestjbosco.fr\/wp-content\/uploads\/2026\/03\/image-11-1024x581.png 1024w, https:\/\/ecolestjbosco.fr\/wp-content\/uploads\/2026\/03\/image-11-300x170.png 300w, https:\/\/ecolestjbosco.fr\/wp-content\/uploads\/2026\/03\/image-11-768x436.png 768w, https:\/\/ecolestjbosco.fr\/wp-content\/uploads\/2026\/03\/image-11.png 1076w\" sizes=\"(max-width: 767px) 89vw, (max-width: 1000px) 54vw, (max-width: 1071px) 543px, 580px\" \/><\/figure>\n\n\n\n<figure class=\"wp-block-image size-full\"><img loading=\"lazy\" decoding=\"async\" width=\"796\" height=\"592\" src=\"https:\/\/ecolestjbosco.fr\/wp-content\/uploads\/2026\/03\/image-13.png\" alt=\"\" class=\"wp-image-744\" srcset=\"https:\/\/ecolestjbosco.fr\/wp-content\/uploads\/2026\/03\/image-13.png 796w, https:\/\/ecolestjbosco.fr\/wp-content\/uploads\/2026\/03\/image-13-300x223.png 300w, https:\/\/ecolestjbosco.fr\/wp-content\/uploads\/2026\/03\/image-13-768x571.png 768w\" sizes=\"(max-width: 767px) 89vw, (max-width: 1000px) 54vw, (max-width: 1071px) 543px, 580px\" \/><\/figure>\n","protected":false},"excerpt":{"rendered":"<p>Les GS\/CP se sont rendus \u00e0 la patinoire ce mardi 10 mars pour leur deuxi\u00e8me s\u00e9ance de glisse.<\/p>\n","protected":false},"author":2,"featured_media":0,"comment_status":"closed","ping_status":"open","sticky":false,"template":"","format":"standard","meta":{"footnotes":""},"categories":[3],"tags":[],"class_list":["post-738","post","type-post","status-publish","format-standard","hentry","category-la-vie-decole"],"_links":{"self":[{"href":"https:\/\/ecolestjbosco.fr\/index.php\/wp-json\/wp\/v2\/posts\/738"}],"collection":[{"href":"https:\/\/ecolestjbosco.fr\/index.php\/wp-json\/wp\/v2\/posts"}],"about":[{"href":"https:\/\/ecolestjbosco.fr\/index.php\/wp-json\/wp\/v2\/types\/post"}],"author":[{"embeddable":true,"href":"https:\/\/ecolestjbosco.fr\/index.php\/wp-json\/wp\/v2\/users\/2"}],"replies":[{"embeddable":true,"href":"https:\/\/ecolestjbosco.fr\/index.php\/wp-json\/wp\/v2\/comments?post=738"}],"version-history":[{"count":3,"href":"https:\/\/ecolestjbosco.fr\/index.php\/wp-json\/wp\/v2\/posts\/738\/revisions"}],"predecessor-version":[{"id":745,"href":"https:\/\/ecolestjbosco.fr\/index.php\/wp-json\/wp\/v2\/posts\/738\/revisions\/745"}],"wp:attachment":[{"href":"https:\/\/ecolestjbosco.fr\/index.php\/wp-json\/wp\/v2\/media?parent=738"}],"wp:term":[{"taxonomy":"category","embeddable":true,"href":"https:\/\/ecolestjbosco.fr\/index.php\/wp-json\/wp\/v2\/categories?post=738"},{"taxonomy":"post_tag","embeddable":true,"href":"https:\/\/ecolestjbosco.fr\/index.php\/wp-json\/wp\/v2\/tags?post=738"}],"curies":[{"name":"wp","href":"https:\/\/api.w.org\/{rel}","templated":true}]}}