{"id":1032,"date":"2026-09-04T13:12:30","date_gmt":"2026-09-04T11:12:30","guid":{"rendered":"https:\/\/ecolestjbosco.fr\/?p=1032"},"modified":"2026-09-04T13:12:30","modified_gmt":"2026-09-04T11:12:30","slug":"cest-la-rentree","status":"publish","type":"post","link":"https:\/\/ecolestjbosco.fr\/index.php\/2026\/09\/04\/cest-la-rentree\/","title":{"rendered":"C&#8217;est la rentr\u00e9e!"},"content":{"rendered":"\n<p>Le Mardi 1 er Septembre 2026 , c&#8217;est la rentr\u00e9e.<\/p>\n\n\n\n<p>120 \u00e9l\u00e8ves r\u00e9partis en 5 classes ont fait leur rentr\u00e9e sous le soleil.<\/p>\n\n\n\n<figure class=\"wp-block-image size-full\"><img loading=\"lazy\" decoding=\"async\" width=\"837\" height=\"613\" src=\"https:\/\/ecolestjbosco.fr\/wp-content\/uploads\/2026\/09\/image.png\" alt=\"\" class=\"wp-image-1033\" srcset=\"https:\/\/ecolestjbosco.fr\/wp-content\/uploads\/2026\/09\/image.png 837w, https:\/\/ecolestjbosco.fr\/wp-content\/uploads\/2026\/09\/image-300x220.png 300w, https:\/\/ecolestjbosco.fr\/wp-content\/uploads\/2026\/09\/image-768x562.png 768w\" sizes=\"(max-width: 767px) 89vw, (max-width: 1000px) 54vw, (max-width: 1071px) 543px, 580px\" \/><\/figure>\n","protected":false},"excerpt":{"rendered":"<p>Le Mardi 1 er Septembre 2026 , c&#8217;est la rentr\u00e9e. 120 \u00e9l\u00e8ves r\u00e9partis en 5 classes ont fait leur rentr\u00e9e sous le soleil.<\/p>\n","protected":false},"author":2,"featured_media":0,"comment_status":"closed","ping_status":"open","sticky":false,"template":"","format":"standard","meta":{"footnotes":""},"categories":[3],"tags":[],"class_list":["post-1032","post","type-post","status-publish","format-standard","hentry","category-la-vie-decole"],"_links":{"self":[{"href":"https:\/\/ecolestjbosco.fr\/index.php\/wp-json\/wp\/v2\/posts\/1032"}],"collection":[{"href":"https:\/\/ecolestjbosco.fr\/index.php\/wp-json\/wp\/v2\/posts"}],"about":[{"href":"https:\/\/ecolestjbosco.fr\/index.php\/wp-json\/wp\/v2\/types\/post"}],"author":[{"embeddable":true,"href":"https:\/\/ecolestjbosco.fr\/index.php\/wp-json\/wp\/v2\/users\/2"}],"replies":[{"embeddable":true,"href":"https:\/\/ecolestjbosco.fr\/index.php\/wp-json\/wp\/v2\/comments?post=1032"}],"version-history":[{"count":1,"href":"https:\/\/ecolestjbosco.fr\/index.php\/wp-json\/wp\/v2\/posts\/1032\/revisions"}],"predecessor-version":[{"id":1034,"href":"https:\/\/ecolestjbosco.fr\/index.php\/wp-json\/wp\/v2\/posts\/1032\/revisions\/1034"}],"wp:attachment":[{"href":"https:\/\/ecolestjbosco.fr\/index.php\/wp-json\/wp\/v2\/media?parent=1032"}],"wp:term":[{"taxonomy":"category","embeddable":true,"href":"https:\/\/ecolestjbosco.fr\/index.php\/wp-json\/wp\/v2\/categories?post=1032"},{"taxonomy":"post_tag","embeddable":true,"href":"https:\/\/ecolestjbosco.fr\/index.php\/wp-json\/wp\/v2\/tags?post=1032"}],"curies":[{"name":"wp","href":"https:\/\/api.w.org\/{rel}","templated":true}]}}